{"id":38554,"date":"2013-08-15T00:06:59","date_gmt":"2013-08-14T22:06:59","guid":{"rendered":"http:\/\/www.runningsocks.de\/wordpress\/?p=38554"},"modified":"2013-08-15T00:08:52","modified_gmt":"2013-08-14T22:08:52","slug":"wacken-2013-die-moni-holmes-story","status":"publish","type":"post","link":"https:\/\/www.runningsocks.de\/wordpress\/2013\/08\/15\/wacken-2013-die-moni-holmes-story\/","title":{"rendered":"Wacken 2013 &#8211; die Moni &#8222;Holmes&#8220; Story"},"content":{"rendered":"<p>Views: 36<\/p><table style=\"width: 730px;\" border=\"0\">\n<tbody>\n<tr>\n<td><\/td>\n<td style=\"text-align: right;\">[CPD_READS_THIS] x gelesen<\/td>\n<\/tr>\n<\/tbody>\n<\/table>\n<p>Unsere bisherigen Wacken Besuche verliefen immer ohne Verluste. Das sollte sich diesmal \u00e4ndern. Schon am Mittwoch Nachmittag vermisste ich meine sch\u00f6ne Outdoor Kamera, Pentax Optio W90.\u00a0 Die Kamera ist mit ihrer schwarz \/ gr\u00fcnen Kunsstoffummantelung eigentlich recht auff\u00e4llig, war aber seit dem fr\u00fchen Mittwoch nachmittag nicht mehr auffindbar.\u00a0 Zuletzt erinnerte ich mich, die Kamera im Pavillon auf einem der Tische gesehen zu haben. Das Durchsuchen s\u00e4mtlicher Taschen, Kisten, Hosen f\u00fchrte zu keinem Ergebnis. Von den Anderen hatte ebenfalls keiner die Kamera gesehen &#8211; das war dann wohl gro\u00dfer Mist.<\/p>\n<p><a href=\"https:\/\/www.runningsocks.de\/wordpress\/wp-content\/uploads\/2013\/08\/PentaxOptioW90.jpg\"><img loading=\"lazy\" decoding=\"async\" class=\"size-full wp-image-38555 aligncenter\" alt=\"PentaxOptioW90\" src=\"https:\/\/www.runningsocks.de\/wordpress\/wp-content\/uploads\/2013\/08\/PentaxOptioW90.jpg\" width=\"365\" height=\"231\" srcset=\"https:\/\/www.runningsocks.de\/wordpress\/wp-content\/uploads\/2013\/08\/PentaxOptioW90.jpg 365w, https:\/\/www.runningsocks.de\/wordpress\/wp-content\/uploads\/2013\/08\/PentaxOptioW90-300x189.jpg 300w\" sizes=\"auto, (max-width: 365px) 100vw, 365px\" \/><\/a><\/p>\n<p>Ich hatte mich mit dem Verlust schon abgefunden, schreib aber am 05.08. sowohl die Wacken Veranstalter , als auch das Amt Schenefeld an.\u00a0 Bis\u00a0 08.08. tat sich nichts &#8230;&#8230;<\/p>\n<p>Dann: Ein Anruf meines <a href=\"http:\/\/www.haengerverleih-nuernberg.de\/\" target=\"_blank\">Anh\u00e4ngerverleihers<\/a> aus Laufamholz. Ob ich in Wacken gewesen w\u00e4re ??\u00a0 (Verd\u00e4chtige Frage, war an dem H\u00e4nger etwas nicht in Ordnung?) Ich bejahte.<\/p>\n<p>Die n\u00e4chste Frage: Ob ich etwas vermissen w\u00fcrde ? Meine Antwort: Ausser meiner Kamera bis jetzt noch nichts. (Hatte ich den Foto etwa im H\u00e4nger liegen gelassen &#8211; konnte aber nicht sein, ich hatte den H\u00e4nger vorher ausgekehrt)<\/p>\n<p>Wie denn die Kamera aussehen w\u00fcrde? Ich beschrieb die Kamera so gut wie m\u00f6glich. Das reichte ihm und er erz\u00e4hlte, dass ihn soeben eine Dame aus Wacken angerufen h\u00e4tte, die meine Kamera gefunden h\u00e4tte. Er nannte mir 2 Telefonnummen (Festnetz und Mobil) die ich umgehend anrufen sollte. Wie kam aber die Dame anhand der Kamera auf den Anh\u00e4ngerverleiher? Fragen \u00fcber Fragen &#8230;<\/p>\n<p><!--nextpage--><\/p>\n<p>Ich bekam jetzt in freudiger Erwartung so langsam feuchte H\u00e4nde und w\u00e4hlte die Mobilnummer. Es meldete sich eine Monika E. Ich erkl\u00e4rte wer ich bin, und in den folgenden 20Min. erz\u00e4hlte sie mir die Story.<\/p>\n<p>Moni arbeitete w\u00e4hrend des Festivals in einem der Supermarkets auf Campsite R. (R und unser Bereich G lagen direkt nebeneinander). Dort wurden des \u00f6fteren Fundsachen abgegeben, und so auch meine Kamera. Da sie wusste, dass es mit den Fundsachen auf dem Festival meist etwas lange dauert, bis man diese zuordnen kann, nahm sie die die Dinge nun selbst in die Hand. Sie sah sich die Bilder auf der Kamera an und entdeckte immer wieder Bilder von unserem H\u00e4nger. Dort war auch das KFZ Kennzeichen immer wieder sichtbar, und \u00fcber einen Bekannten erfuhr sie den Halter des Anh\u00e4ngers. Im Internet recherchierte Sie und fand auch den Anh\u00e4ngerverleih in Laufamholz mitsamt Telefonnummern.\u00a0 Sie rief nun dort an, schilderte den Sachverhalt, nannte ihre Telefonnummer f\u00fcr einen R\u00fcckruf, worauf mich der Vermieter nun wiederum anrief.<\/p>\n<div id=\"attachment_38573\" style=\"width: 650px\" class=\"wp-caption alignnone\"><a href=\"https:\/\/www.runningsocks.de\/wordpress\/wp-content\/uploads\/2013\/08\/MonikaE_02_640px.jpg\"><img loading=\"lazy\" decoding=\"async\" aria-describedby=\"caption-attachment-38573\" class=\"size-full wp-image-38573\" alt=\"MonikaE_02_640px\" src=\"https:\/\/www.runningsocks.de\/wordpress\/wp-content\/uploads\/2013\/08\/MonikaE_02_640px.jpg\" width=\"640\" height=\"480\" srcset=\"https:\/\/www.runningsocks.de\/wordpress\/wp-content\/uploads\/2013\/08\/MonikaE_02_640px.jpg 640w, https:\/\/www.runningsocks.de\/wordpress\/wp-content\/uploads\/2013\/08\/MonikaE_02_640px-300x225.jpg 300w\" sizes=\"auto, (max-width: 640px) 100vw, 640px\" \/><\/a><p id=\"caption-attachment-38573\" class=\"wp-caption-text\">Die ehrliche Finderin: Moni &#8222;Holmes&#8220;<\/p><\/div>\n<p>Somit schlie\u00dft sich der Kreis !! Mit viel kriminalistischem Sp\u00fcrsinn und einigem Zeitaufwand hat sich Moni, wie ehemals Sherlock Holmes, in den &#8222;Fall&#8220; verbissen und gel\u00f6st.\u00a0 SUPER.\u00a0 Es ist auch nicht selbstverst\u00e4ndlich, dass man Fundsachen abgibt oder selbst daf\u00fcr sorgt, dass sie wieder zu ihrem Besitzer gelangen. Ein Finderlohn ist Moni jedenfalls sicher, und sollten wir uns je in N\u00fcrnberg sehen, auch ein vern\u00fcnftiges, fr\u00e4nkisches Bier.<\/p>\n<p>Nachdem ich Moni meine Adresse mitteilte dauerte es noch bis 13.08., dann bekam ich auch schon ein P\u00e4ckchen mit meiner Kamera zur\u00fcck \ud83d\ude42<\/p>\n<p>&nbsp;<\/p>\n<nav class=\"page-links\"><strong>Seiten:<\/strong> <a href=\"https:\/\/www.runningsocks.de\/wordpress\/2013\/08\/15\/wacken-2013-die-moni-holmes-story\/\" class=\"post-page-numbers\"><span class=\"page-num\">1<\/span><\/a> <a href=\"https:\/\/www.runningsocks.de\/wordpress\/2013\/08\/15\/wacken-2013-die-moni-holmes-story\/2\/\" class=\"post-page-numbers\"><span class=\"page-num\">2<\/span><\/a><\/nav>\n","protected":false},"excerpt":{"rendered":"<p>Views: 36 [CPD_READS_THIS] x gelesen Unsere bisherigen Wacken Besuche verliefen immer ohne Verluste. Das sollte sich diesmal \u00e4ndern. Schon am Mittwoch Nachmittag vermisste ich meine sch\u00f6ne Outdoor Kamera, Pentax Optio W90.\u00a0 Die Kamera ist mit ihrer schwarz \/ gr\u00fcnen Kunsstoffummantelung eigentlich recht auff\u00e4llig, war aber seit dem fr\u00fchen Mittwoch nachmittag nicht mehr auffindbar.\u00a0 Zuletzt erinnerte <a href='https:\/\/www.runningsocks.de\/wordpress\/2013\/08\/15\/wacken-2013-die-moni-holmes-story\/' class='excerpt-more'>[&#8230;]<\/a><\/p>\n","protected":false},"author":18,"featured_media":0,"comment_status":"open","ping_status":"closed","sticky":false,"template":"","format":"standard","meta":{"footnotes":""},"categories":[81,100],"tags":[],"class_list":["post-38554","post","type-post","status-publish","format-standard","hentry","category-bericht","category-wacken-2013","category-81-id","category-100-id","post-seq-1","post-parity-odd","meta-position-corners","fix"],"_links":{"self":[{"href":"https:\/\/www.runningsocks.de\/wordpress\/wp-json\/wp\/v2\/posts\/38554","targetHints":{"allow":["GET"]}}],"collection":[{"href":"https:\/\/www.runningsocks.de\/wordpress\/wp-json\/wp\/v2\/posts"}],"about":[{"href":"https:\/\/www.runningsocks.de\/wordpress\/wp-json\/wp\/v2\/types\/post"}],"author":[{"embeddable":true,"href":"https:\/\/www.runningsocks.de\/wordpress\/wp-json\/wp\/v2\/users\/18"}],"replies":[{"embeddable":true,"href":"https:\/\/www.runningsocks.de\/wordpress\/wp-json\/wp\/v2\/comments?post=38554"}],"version-history":[{"count":3,"href":"https:\/\/www.runningsocks.de\/wordpress\/wp-json\/wp\/v2\/posts\/38554\/revisions"}],"predecessor-version":[{"id":38580,"href":"https:\/\/www.runningsocks.de\/wordpress\/wp-json\/wp\/v2\/posts\/38554\/revisions\/38580"}],"wp:attachment":[{"href":"https:\/\/www.runningsocks.de\/wordpress\/wp-json\/wp\/v2\/media?parent=38554"}],"wp:term":[{"taxonomy":"category","embeddable":true,"href":"https:\/\/www.runningsocks.de\/wordpress\/wp-json\/wp\/v2\/categories?post=38554"},{"taxonomy":"post_tag","embeddable":true,"href":"https:\/\/www.runningsocks.de\/wordpress\/wp-json\/wp\/v2\/tags?post=38554"}],"curies":[{"name":"wp","href":"https:\/\/api.w.org\/{rel}","templated":true}]}}